[{"@context":"https:\/\/schema.org\/","@type":"Article","@id":"https:\/\/www.jmtcz.cz\/fotogalerie\/#Article","mainEntityOfPage":"https:\/\/www.jmtcz.cz\/fotogalerie\/","headline":"Fotogalerie","name":"Fotogalerie","description":"Jestli je n\u011bco, \u010demu by m\u011bli v\u011bnovat pozornost ti, kte\u0159\u00ed v\u00edce ne\u017e r\u00e1di cestuj\u00ed, pak je to to, jak dan\u00e9 ubytovac\u00ed za\u0159\u00edzen\u00ed vypad\u00e1 nejen zven\u010d\u00ed, ale tak\u00e9 zevnit\u0159. Mnoz\u00ed se d\u00edvaj\u00ed pouze na exteri\u00e9r, co\u017e je velk\u00e1 chyba. Pod\u00edvat se na interi\u00e9r nemus\u00ed b\u00fdt na \u0161kodu. Velk\u00e1 spousta hotel\u016f \u010di penzion\u016f m\u00e1 na sv\u00fdch webov\u00fdch [&hellip;]","datePublished":"2021-05-15","dateModified":"2023-05-22","author":{"@type":"Person","@id":"https:\/\/www.jmtcz.cz\/author\/devene\/#Person","name":"devene","url":"https:\/\/www.jmtcz.cz\/author\/devene\/","identifier":1,"image":{"@type":"ImageObject","@id":"https:\/\/secure.gravatar.com\/avatar\/aa13f0f1a5b61a2deba1492ce3bb4afe8e77d91eeb44c23db0ee08765a93abad?s=96&d=mm&r=g","url":"https:\/\/secure.gravatar.com\/avatar\/aa13f0f1a5b61a2deba1492ce3bb4afe8e77d91eeb44c23db0ee08765a93abad?s=96&d=mm&r=g","height":96,"width":96}},"publisher":{"@type":"Organization","name":"jmtcz.cz","logo":{"@type":"ImageObject","@id":"\/logo.png","url":"\/logo.png","width":600,"height":60}},"image":{"@type":"ImageObject","@id":"https:\/\/www.jmtcz.cz\/wp-content\/uploads\/hotelov%C3%BD%20pokoj.PNG","url":"https:\/\/www.jmtcz.cz\/wp-content\/uploads\/hotelov%C3%BD%20pokoj.PNG","height":0,"width":0},"url":"https:\/\/www.jmtcz.cz\/fotogalerie\/","about":["Spole\u010dnosti"],"wordCount":430,"articleBody":"   Jestli je n\u011bco, \u010demu by m\u011bli v\u011bnovat pozornost ti, kte\u0159\u00ed v\u00edce ne\u017e r\u00e1di cestuj\u00ed, pak je to to, jak dan\u00e9 ubytovac\u00ed za\u0159\u00edzen\u00ed vypad\u00e1 nejen zven\u010d\u00ed, ale tak\u00e9 zevnit\u0159.Mnoz\u00ed se d\u00edvaj\u00ed pouze na exteri\u00e9r, co\u017e je velk\u00e1 chyba. Pod\u00edvat se na interi\u00e9r nemus\u00ed b\u00fdt na \u0161kodu.Velk\u00e1 spousta hotel\u016f \u010di penzion\u016f m\u00e1 na sv\u00fdch webov\u00fdch str\u00e1nk\u00e1ch fotografie, kter\u00e9 jsou voln\u011b p\u0159\u00edstupn\u00e9. M\u00e1te tedy mo\u017enost se na n\u011b pod\u00edvat kdykoliv jen budete cht\u00edt.Jestli\u017ee zrovna p\u0159em\u00fd\u0161l\u00edte nad letn\u00ed dovolenou a hled\u00e1te, kter\u00e9 m\u00edsto by pro v\u00e1s bylo vhodn\u00e9, pak v\u00e1m doporu\u010dujeme, abyste rozhodn\u011b fotografi\u00edm dali \u0161anci.V\u011b\u0159te, \u017ee pr\u00e1v\u011b n\u011bco takov\u00e9ho v\u00e1m m\u016f\u017ee pomoci rozhodnout se, zda dan\u00e9 m\u00edsto pro v\u00e1s bude to prav\u00e9.V\u011b\u0159te, \u017ee d\u00edky tomu, \u017ee se pr\u00e1v\u011b na fotografie pod\u00edv\u00e1te, nebudete nemile p\u0159ekvapeni.Je pravda, \u017ee existuje cel\u00e1 \u0159ada ubytovac\u00edch za\u0159\u00edzen\u00ed, kter\u00e9 nevypadaj\u00ed tak, jak by jeden \u010dekal. Skute\u010dn\u011b m\u00e1 smysl pr\u00e1v\u011b fotogalerii https:\/\/www.penzionurudolfa.cz\/fotogalerie v\u011bnovat pozornost, pokud chcete m\u00edt jistotu, \u017ee dan\u00e9 pokoje budou spl\u0148ovat va\u0161e po\u017eadavky na estetiku.Skute\u010dn\u011b nev\u00e1hejte a vyu\u017eijte toho, co zde pro v\u00e1s je, abyste pot\u00e9 nelitovali.Nikdo z n\u00e1s si jist\u011b nep\u0159eje, aby byl ubytov\u00e1n v m\u00edstnosti, kter\u00e1 nevypad\u00e1 zrovna nejl\u00e9pe.Na\u0161li by se mezi n\u00e1mi tac\u00ed, kte\u0159\u00ed si \u0159eknou, \u017ee dan\u00e1 m\u00edstnost bude slou\u017eit pouze k p\u0159esp\u00e1n\u00ed. Ano, n\u011bco takov\u00e9ho je sice pravda, ale pokud se v\u00e1m v dan\u00e9m prostoru nel\u00edb\u00ed, s velkou pravd\u011bpodobnost\u00ed se p\u0159\u00edli\u0161 dob\u0159e nevysp\u00edte, proto\u017ee se nebudete c\u00edtit dob\u0159e.Skute\u010dn\u011b vyu\u017eijte toho, \u017ee fotogalerie je voln\u011b p\u0159\u00edstupn\u00e1 a pod\u00edvejte se na ni nejl\u00e9pe je\u0161t\u011b te\u010f hned.\u010clov\u011bk by m\u011bl v\u011bd\u011bt, do \u010deho jde.M\u016f\u017ee se ale klidn\u011b st\u00e1t, \u017ee zjist\u00edte, \u017ee dan\u00fd pokoj v re\u00e1ln\u00e9m sv\u011bt\u011b nevypad\u00e1 tak, jako na fotce. M\u016f\u017ee se klidn\u011b st\u00e1t, \u017ee vypad\u00e1 mnohem l\u00e9pe.V\u0161e je mo\u017en\u00e9 a to i n\u011bco takov\u00e9ho.Jsou v\u011bci, kter\u00fdch by m\u011bl \u010dlov\u011bk rozhodn\u011b vyu\u017e\u00edt a to zejm\u00e9na dokud zde jsou.Vyu\u017eijte i vy n\u011b\u010deho takov\u00e9ho. Nebudete litovat.                                                                                                                                                                                                                                                                                                                                                                                          3.9\/5 - (11 votes)        "},{"@context":"https:\/\/schema.org\/","@type":"BreadcrumbList","itemListElement":[{"@type":"ListItem","position":1,"name":"Fotogalerie","item":"https:\/\/www.jmtcz.cz\/fotogalerie\/#breadcrumbitem"}]}]