[{"@context":"https:\/\/schema.org\/","@type":"Article","@id":"https:\/\/www.jmtcz.cz\/i-mala-promena-prospeje\/#Article","mainEntityOfPage":"https:\/\/www.jmtcz.cz\/i-mala-promena-prospeje\/","headline":"I mal\u00e1 prom\u011bna prosp\u011bje","name":"I mal\u00e1 prom\u011bna prosp\u011bje","description":"Pokud je doma po ruce \u0161ikovn\u00fd kutil nebo \u0161vadlenka, tak je vyhr\u00e1no. Proto\u017ee tak si m\u016f\u017eete svoje p\u0159edstavy o kr\u00e1sn\u011bj\u0161\u00edm a \u00fatuln\u011bj\u0161\u00edm bydlen\u00ed po\u0159\u00eddit ur\u010dit\u011b za p\u0159ijatelnou cenu. Mnoz\u00ed z\u00a0n\u00e1s ne\u017eij\u00ed v\u00a0rodinn\u00fdch domech, ale v\u00a0bytech. Mnoho byt\u016f m\u00e1 men\u0161\u00ed nebo v\u011bt\u0161\u00ed balk\u00f3n, kter\u00fd od jara a po cel\u00e9 l\u00e9to b\u00fdv\u00e1 malou o\u00e1zou s p\u0159\u00edjemn\u00fdm posezen\u00edm. [&hellip;]","datePublished":"2019-01-01","dateModified":"2023-05-22","author":{"@type":"Person","@id":"https:\/\/www.jmtcz.cz\/author\/devene\/#Person","name":"devene","url":"https:\/\/www.jmtcz.cz\/author\/devene\/","identifier":1,"image":{"@type":"ImageObject","@id":"https:\/\/secure.gravatar.com\/avatar\/aa13f0f1a5b61a2deba1492ce3bb4afe8e77d91eeb44c23db0ee08765a93abad?s=96&d=mm&r=g","url":"https:\/\/secure.gravatar.com\/avatar\/aa13f0f1a5b61a2deba1492ce3bb4afe8e77d91eeb44c23db0ee08765a93abad?s=96&d=mm&r=g","height":96,"width":96}},"publisher":{"@type":"Organization","name":"jmtcz.cz","logo":{"@type":"ImageObject","@id":"\/logo.png","url":"\/logo.png","width":600,"height":60}},"image":{"@type":"ImageObject","@id":"https:\/\/www.jmtcz.cz\/wp-content\/uploads\/img_a335106_w2589_t1548527178.jpg","url":"https:\/\/www.jmtcz.cz\/wp-content\/uploads\/img_a335106_w2589_t1548527178.jpg","height":0,"width":0},"url":"https:\/\/www.jmtcz.cz\/i-mala-promena-prospeje\/","wordCount":576,"articleBody":"Pokud je doma po ruce \u0161ikovn\u00fd kutil nebo \u0161vadlenka, tak je vyhr\u00e1no. Proto\u017ee tak si m\u016f\u017eete svoje p\u0159edstavy o kr\u00e1sn\u011bj\u0161\u00edm a \u00fatuln\u011bj\u0161\u00edm bydlen\u00ed po\u0159\u00eddit ur\u010dit\u011b za p\u0159ijatelnou cenu.Mnoz\u00ed z\u00a0n\u00e1s ne\u017eij\u00ed v\u00a0rodinn\u00fdch domech, ale v\u00a0bytech. Mnoho byt\u016f m\u00e1 men\u0161\u00ed nebo v\u011bt\u0161\u00ed balk\u00f3n, kter\u00fd od jara a po cel\u00e9 l\u00e9to b\u00fdv\u00e1 malou o\u00e1zou s p\u0159\u00edjemn\u00fdm posezen\u00edm. To se t\u00fdk\u00e1 i teras u rodinn\u00fdch dom\u016f. Pro na\u0161e pohodl\u00ed je ur\u010dit\u011b d\u016fle\u017eit\u00e9 posezen\u00ed, jak na pohodln\u00fdch \u017eidl\u00edch, tak samoz\u0159ejm\u011b na pohovk\u00e1ch a v k\u0159esle.Kdy\u017e si po\u0159izujete do sv\u00e9ho bytu nov\u00fd n\u00e1bytek, tak je to samoz\u0159ejm\u011b \u00fapln\u011b o n\u011b\u010dem jin\u00e9m, ne\u017e kdy\u017e chcete n\u011bkter\u00fdm kousk\u016fm n\u00e1bytku d\u00e1t \u201enov\u00fd kab\u00e1t\u201c.Kdy\u017e listujete \u010dasopisy, ve kter\u00fdch jsou fotografie kr\u00e1sn\u00e9 slad\u011bn\u00e9ho interi\u00e9ru, a ve kter\u00fdch je mnoho tip\u016f a rad, jak si bez velk\u00fdch finan\u010dn\u00edch n\u00e1klad\u016f m\u016f\u017eete sv\u00e9 bydlen\u00ed zkr\u00e1\u0161lit a zp\u0159\u00edjemnit. Ka\u017ed\u00fd m\u00e1 jin\u00fd vkus, mlad\u00ed lid\u00e9 si p\u0159eji za\u0159\u00eddit interi\u00e9r sv\u00e9ho domova za\u0159\u00eddit pravd\u011bpodobn\u011b podle posledn\u00edch trend\u016f. Jinak, ne\u017e jak\u00e9 bytov\u00e9 za\u0159\u00edzen\u00ed maj\u00ed jejich rodi\u010de. Ne ka\u017ed\u00fd m\u00e1 dostatek pen\u011bz na nov\u00fd n\u00e1bytek a r\u016fzn\u00e9 dopl\u0148ky, tak\u017ee pokud se vyu\u017eij\u00ed \u0161ikovn\u00e9 ruce, tak se d\u00e1 vykouzlit jin\u00e9 a velice p\u0159\u00edjemn\u00e9 bydlen\u00ed. Pop\u00ed\u0161eme v\u00e1m n\u011bkolik tip\u016f, jak se d\u00e1 kouzlit se star\u0161\u00edm n\u00e1bytkem.Za\u010dneme\u00a0\u00a0\u00a0\u00a0\u00a0\u00a0\u00a0 v\u00a0 pohovkou. Pokud slad\u00edte nov\u00fd potah s\u00a0v\u00edce podu\u0161kami, kter\u00e9 budou m\u011bkk\u00e9 a p\u0159\u00edjemn\u00e9 na dotek, tou samou l\u00e1tkou si pot\u00e1hnete nap\u0159\u00edklad i taburetku, na kterou si d\u00e1v\u00e1te odpo\u010dinout va\u0161e nohy, hned se v\u00e1m bude hov\u011bt p\u0159\u00edjemn\u011bji.\u00a0\u00a0\u00a0\u00a0\u00a0\u00a0\u00a0 v\u00a0 \u017didle a kuchy\u0148sk\u00e9 lavicese t\u00e9\u017e stanou nov\u00fdm p\u0159\u00edjemn\u00fdm posezen\u00edm, kdy\u017e si u\u0161ijeme nebo zakoup\u00edme m\u011bkk\u00e9 sed\u00e1ky, u star\u0161\u00edch \u017eidl\u00ed nav\u00edc se daj\u00ed u\u0161\u00edt i na op\u011bradla zaj\u00edmav\u00e9 povlaky, kter\u00e9 budou ladit se sed\u00e1ky nap\u0159\u00edklad v\u00a0jarn\u00edm designu.\u00a0\u00a0\u00a0\u00a0\u00a0\u00a0\u00a0 v\u00a0 Opr\u00fdskan\u00e9 \u017eidle, stoli\u010dky a stol\u00edk, kter\u00e9 ka\u017ed\u00fd rok pou\u017e\u00edv\u00e1me p\u0159i posezen\u00ed na balk\u00f3nech a teras\u00e1ch budou znovu jako nov\u00e9, pokud je zbav\u00edme obrou\u0161en\u00edm star\u00e9ho n\u00e1t\u011bru, nat\u0159eme je takovou barvou nebo mo\u0159idlem, kter\u00e9 se n\u00e1m bude l\u00edbit, nav\u00edc s\u00a0nov\u00fdmi, m\u011bkk\u00fdmi podu\u0161kami a pol\u0161t\u00e1\u0159i, kter\u00e9 si d\u00e1v\u00e1te za z\u00e1da. Va\u0161e star\u00e9 zahradn\u00ed \u017eidle budou jako nov\u00e9 a nav\u00edc pohodln\u00e9. A m\u00e1te je\u0161t\u011b mo\u017enost z\u00a0dekorativn\u00ed l\u00e1tky, kter\u00e1 bude ladit k\u00a0u\u0161it\u00fdm podu\u0161k\u00e1m, u\u0161\u00edt si na zahradn\u00ed stolek ubrus. Nebo si na stolek nalepit kachli\u010dky se zaj\u00edmav\u00fdm designem, kter\u00e9 jsou nejenom velmi praktick\u00e9, ale stolek t\u00edm dostane \u00fapln\u011b jin\u00fd image.\u00a0Je to o n\u00e1padu, \u0161ikovnosti a samoz\u0159ejm\u00e9 realizaci. Proto\u017ee i takto si m\u016f\u017eete splnit t\u0159eba jen \u010d\u00e1st sv\u00fdch p\u0159edstav o hez\u010d\u00edm bydlen\u00ed a bez velk\u00fdch finan\u010dn\u00edch investic.                                                                                                                                                                                                                                                                                                                                                                                        4.3\/5 - (18 votes)        "},{"@context":"https:\/\/schema.org\/","@type":"BreadcrumbList","itemListElement":[{"@type":"ListItem","position":1,"name":"I mal\u00e1 prom\u011bna prosp\u011bje","item":"https:\/\/www.jmtcz.cz\/i-mala-promena-prospeje\/#breadcrumbitem"}]}]