[{"@context":"https:\/\/schema.org\/","@type":"Article","@id":"https:\/\/www.jmtcz.cz\/kupte-si-kalendare-a-stradejte-informace-prakticky-a-efektivne\/#Article","mainEntityOfPage":"https:\/\/www.jmtcz.cz\/kupte-si-kalendare-a-stradejte-informace-prakticky-a-efektivne\/","headline":"Kupte si kalend\u00e1\u0159e a st\u0159\u00e1dejte informace prakticky a efektivn\u011b","name":"Kupte si kalend\u00e1\u0159e a st\u0159\u00e1dejte informace prakticky a efektivn\u011b","description":"Uspo\u0159\u00e1dat pracovn\u00ed sch\u016fzky, narozeniny a d\u016fle\u017eit\u00e9 informace z\u00e1rove\u0148, tak abyste na n\u011b nezapomn\u011bli, je t\u011b\u017ek\u00e9. My v\u00e1m v\u0161ak nab\u00edz\u00edme mo\u017enost, jak v\u0161echny tyto informace uchovat jednodu\u0161e a na viditeln\u00e9m m\u00edst\u011b.Kalend\u00e1\u0159e jsou skv\u011bl\u00e9 hlavn\u011b proto, \u017ee se hod\u00ed jak na pracovn\u00ed st\u016fl, tak i na poli\u010dku ve va\u0161em pokoji a m\u016f\u017eete je tak um\u00edstit kamkoli. Takov\u00e9 [&hellip;]","datePublished":"2024-12-09","dateModified":"2024-12-09","author":{"@type":"Person","@id":"https:\/\/www.jmtcz.cz\/author\/devene\/#Person","name":"devene","url":"https:\/\/www.jmtcz.cz\/author\/devene\/","identifier":1,"image":{"@type":"ImageObject","@id":"https:\/\/secure.gravatar.com\/avatar\/aa13f0f1a5b61a2deba1492ce3bb4afe8e77d91eeb44c23db0ee08765a93abad?s=96&d=mm&r=g","url":"https:\/\/secure.gravatar.com\/avatar\/aa13f0f1a5b61a2deba1492ce3bb4afe8e77d91eeb44c23db0ee08765a93abad?s=96&d=mm&r=g","height":96,"width":96}},"publisher":{"@type":"Organization","name":"jmtcz.cz","logo":{"@type":"ImageObject","@id":"\/logo.png","url":"\/logo.png","width":600,"height":60}},"url":"https:\/\/www.jmtcz.cz\/kupte-si-kalendare-a-stradejte-informace-prakticky-a-efektivne\/","wordCount":378,"articleBody":"Uspo\u0159\u00e1dat pracovn\u00ed sch\u016fzky, narozeniny a d\u016fle\u017eit\u00e9 informace z\u00e1rove\u0148, tak abyste na n\u011b nezapomn\u011bli, je t\u011b\u017ek\u00e9. My v\u00e1m v\u0161ak nab\u00edz\u00edme mo\u017enost, jak v\u0161echny tyto informace uchovat jednodu\u0161e a na viditeln\u00e9m m\u00edst\u011b.Kalend\u00e1\u0159e jsou skv\u011bl\u00e9 hlavn\u011b proto, \u017ee se hod\u00ed jak na pracovn\u00ed st\u016fl, tak i na poli\u010dku ve va\u0161em pokoji a m\u016f\u017eete je tak um\u00edstit kamkoli. Takov\u00e9 pak mohou m\u00edt spoustu r\u016fzn\u00fdch motiv\u016f, jako nap\u0159\u00edklad zv\u00ed\u0159ata, automobily, nebo t\u0159eba p\u0159\u00edrodu. D\u00edky tomu si m\u016f\u017eete sv\u016fj st\u016fl vybavit podle va\u0161ich p\u0159edstav a m\u016f\u017eete si z kancel\u00e1\u0159e ud\u011blat p\u0159\u00edjemn\u00e9 m\u00edsto na pracov\u00e1n\u00ed. Dal\u0161\u00ed skv\u011blou mo\u017enost\u00ed je vytvo\u0159it si kalend\u00e1\u0159e na m\u00edru podle va\u0161ich p\u0159edstav. M\u016f\u017eete si tak nechat ud\u011blat prakticky jak\u00fdkoli kalend\u00e1\u0159 a to za skv\u011blou cenu, kterou u konkurence nenajdete. Krom\u011b skv\u011bl\u00e9ho uchov\u00e1n\u00ed informac\u00ed v\u00e1m pak nab\u00eddnou i seznam jmen a sv\u00e1tk\u016f a vy tak nikdy nezapomenete na sv\u00e1tky sv\u00fdch bl\u00edzk\u00fdch.Usnadn\u011bte si \u017eivot skv\u011bl\u00fdmi v\u011bcmiD\u00edky tomu, \u017ee m\u00e1te tento kalend\u00e1\u0159 na stole, se v\u00e1m nestane, \u017ee byste na n\u011bjakou sch\u016fzku zapomn\u011bli a zbyte\u010dn\u011b jste se tak museli nervovat. Ty v\u0161ak mohou slou\u017eit i jako dekorace na v\u00e1\u0161 pracovn\u00ed st\u016fl a mohou doplnit interi\u00e9r va\u0161\u00ed kancel\u00e1\u0159e. Vy se tak budete c\u00edtit l\u00e9pe a pr\u00e1ce v\u00e1m p\u016fjde l\u00e9pe od ruky. Kalend\u00e1\u0159e jsou velmi obl\u00edben\u00e9 snad v\u0161ude a vyu\u017e\u00edv\u00e1 je opravdu ka\u017ed\u00fd od dom\u00e1cnost\u00ed, po r\u016fzn\u00e9 firmy a obchody, a\u017e k nemocnic\u00edm a jin\u00fdm st\u00e1tn\u00edm instituc\u00edm. U n\u00e1s si nav\u00edc m\u016f\u017eete vybrat ze \u0161irok\u00e9 nab\u00eddky a naleznete tak u n\u00e1s s va\u0161imi obl\u00edben\u00fdmi motivy a obr\u00e1zky. Nav\u00edc za ty zaplat\u00edte jen minim\u00e1ln\u00ed pen\u00edze a m\u016f\u017eete si tak vybrat jak\u00fdkoli kalend\u00e1\u0159, jak\u00fd se v\u00e1m bude l\u00edbit.                                                                                                                                                                                                                                                                                                                                                                                        2.8\/5 - (5 votes)        "},{"@context":"https:\/\/schema.org\/","@type":"BreadcrumbList","itemListElement":[{"@type":"ListItem","position":1,"name":"Kupte si kalend\u00e1\u0159e a st\u0159\u00e1dejte informace prakticky a efektivn\u011b","item":"https:\/\/www.jmtcz.cz\/kupte-si-kalendare-a-stradejte-informace-prakticky-a-efektivne\/#breadcrumbitem"}]}]