[{"@context":"https:\/\/schema.org\/","@type":"Article","@id":"https:\/\/www.jmtcz.cz\/mate-nizke-sebevedomi\/#Article","mainEntityOfPage":"https:\/\/www.jmtcz.cz\/mate-nizke-sebevedomi\/","headline":"M\u00e1te n\u00edzk\u00e9 sebev\u011bdom\u00ed?","name":"M\u00e1te n\u00edzk\u00e9 sebev\u011bdom\u00ed?","description":"Neda\u0159\u00ed se V\u00e1m sbalit mu\u017ee? Pop\u0159em\u00fd\u0161lejte, zda nevid\u00edte tuto bitvu jako p\u0159edem prohranou. Na\u0161e jedn\u00e1n\u00ed a chov\u00e1n\u00ed \u2013 kter\u00e9 vych\u00e1z\u00ed z vnit\u0159n\u00edch pocit\u016f, velmi ovliv\u0148uje, jak\u00fdm stylem n\u00e1s na\u0161e okol\u00ed bude vn\u00edmat. Pokud tedy dop\u0159edu hodnot\u00edte sv\u00e9 \u0161ance jako miziv\u00e9, s velkou pravd\u011bpodobnost\u00ed se to odraz\u00ed na Va\u0161em projevu. Ten pak pro dan\u00e9ho mu\u017ee nemus\u00ed [&hellip;]","datePublished":"2024-11-11","dateModified":"2024-11-11","author":{"@type":"Person","@id":"https:\/\/www.jmtcz.cz\/author\/devene\/#Person","name":"devene","url":"https:\/\/www.jmtcz.cz\/author\/devene\/","identifier":1,"image":{"@type":"ImageObject","@id":"https:\/\/secure.gravatar.com\/avatar\/aa13f0f1a5b61a2deba1492ce3bb4afe8e77d91eeb44c23db0ee08765a93abad?s=96&d=mm&r=g","url":"https:\/\/secure.gravatar.com\/avatar\/aa13f0f1a5b61a2deba1492ce3bb4afe8e77d91eeb44c23db0ee08765a93abad?s=96&d=mm&r=g","height":96,"width":96}},"publisher":{"@type":"Organization","name":"jmtcz.cz","logo":{"@type":"ImageObject","@id":"\/logo.png","url":"\/logo.png","width":600,"height":60}},"url":"https:\/\/www.jmtcz.cz\/mate-nizke-sebevedomi\/","wordCount":185,"articleBody":"\tNeda\u0159\u00ed se V\u00e1m sbalit mu\u017ee? Pop\u0159em\u00fd\u0161lejte, zda nevid\u00edte tuto bitvu jako p\u0159edem prohranou. Na\u0161e jedn\u00e1n\u00ed a chov\u00e1n\u00ed \u2013 kter\u00e9 vych\u00e1z\u00ed z vnit\u0159n\u00edch pocit\u016f, velmi ovliv\u0148uje, jak\u00fdm stylem n\u00e1s na\u0161e okol\u00ed bude vn\u00edmat. Pokud tedy dop\u0159edu hodnot\u00edte sv\u00e9 \u0161ance jako miziv\u00e9, s velkou pravd\u011bpodobnost\u00ed se to odraz\u00ed na Va\u0161em projevu. Ten pak pro dan\u00e9ho mu\u017ee nemus\u00ed b\u00fdt zaj\u00edmav\u00fd a Vy v jeho o\u010d\u00edch zbyte\u010dn\u011b ztr\u00e1c\u00edte na atraktivit\u011b.\tNa\u0161e \u0159e\u0161en\u00ed pro V\u00e1sM\u00e1me pro V\u00e1s zp\u016fsob, j\u00edm\u017e dok\u00e1\u017eete v\u00fd\u0161e zm\u00edn\u011bn\u00e9 zm\u011bnit, pos\u00edlit sv\u00e9 sebev\u011bdom\u00ed a splnit si sv\u016fj sen. Pro\u010dt\u011bte si n\u00e1\u0161 n\u00e1vod, obsahuj\u00edc\u00ed spoustu u\u017eite\u010dn\u00fdch rad, jak sv\u00e9st Va\u0161eho vyvolen\u00e9ho. V\u011b\u0159te, \u017ee V\u00e1m pom\u016f\u017ee s prom\u011bnou v neodolatelnou sv\u016fdnici. Nem\u016f\u017eete nic ztratit, pouze z\u00edskat. Tak p\u0159esta\u0148te v\u00e1hat a kontaktujte n\u00e1s!                                                                                                                                                                                                                                                                                                                                                                                        4.8\/5 - (5 votes)        "},{"@context":"https:\/\/schema.org\/","@type":"BreadcrumbList","itemListElement":[{"@type":"ListItem","position":1,"name":"M\u00e1te n\u00edzk\u00e9 sebev\u011bdom\u00ed?","item":"https:\/\/www.jmtcz.cz\/mate-nizke-sebevedomi\/#breadcrumbitem"}]}]